{"provider_url": "https://www.novaxavantina.mt.leg.br", "title": "Historia de Nova Xavantina", "html": "<p align=\"center\"><b><span>ASPECTOS HIST\u00d3RICO DE NOVA XAVANTINA \u2013 MT</span></b></p>\r\n<p>\u00a0<img class=\"image-inline\" src=\"resolveuid/2c46b62fb78a4c65bc9c2ae77bb58e0d\" /></p>\r\n<p>\u00a0\u00a0\u00a0\u00a0\u00a0\u00a0\u00a0\u00a0\u00a0\u00a0\u00a0 Nova Xavantina, acompanhou este processo hist\u00f3rico de coloniza\u00e7\u00e3o. A conquista efetiva dessa regi\u00e3o ocorreu durante o Governo do <b>Presidente Getulio</b> <b>Dornelles Vargas</b>, mentor da grande \u201c<b>Marcha para o Oeste</b>\u201d.</p>\r\n<p style=\"text-align: justify; \">\u00a0\u00a0\u00a0\u00a0\u00a0\u00a0\u00a0\u00a0\u00a0\u00a0\u00a0 Atrav\u00e9s do coordenador da Mobiliza\u00e7\u00e3o Econ\u00f4mica; Ministro Jo\u00e3o Alberto Lins de Barros, criando atrav\u00e9s da Portaria n\u00ba. 77/43 a Expedi\u00e7\u00e3o Roncador Xingu. O objetivo era atingir as conflu\u00eancias do Rio Culuene com o Xingu, depois de passar pelo Rio das Mortes, atingirem o ponto mais pr\u00f3ximo da Serra do Ara\u00e9s.</p>\r\n<p style=\"text-align: justify; \">\u00a0\u00a0\u00a0\u00a0\u00a0\u00a0\u00a0\u00a0\u00a0\u00a0\u00a0 Esta Expedi\u00e7\u00e3o foi chefiada pelo Coronel do Exercito Flaviano de Mattos Vanique. A base de partida foi montada02 kmacima da conflu\u00eancia dos Rios Gar\u00e7as e Araguaia onde est\u00e1 localizada a cidade de Barra do Gar\u00e7as, partindo em 03 de dezembro de 1943 do \u201cMarco Zero\u201d, fincado em Barra do Gar\u00e7as, com destino ao Rio das Mortes.</p>\r\n<p style=\"text-align: justify; \">\u00a0\u00a0\u00a0\u00a0\u00a0\u00a0\u00a0\u00a0\u00a0\u00a0\u00a0 Com base em dados fornecidos pelos avi\u00f5es da FAB que fizeram o reconhecimento a\u00e9reo da regi\u00e3o a expedi\u00e7\u00e3o desde a partida tinha conhecimento dos obst\u00e1culos a enfrentar e dos principais pontos a atingir. A abertura da picada entre Barra do Gar\u00e7as e o Rio das Mortes, foi completada ap\u00f3s 87 (oitenta e sete) dias de \u00e1rduo trabalho. Em 28 de fevereiro de1944, aExpedi\u00e7\u00e3o alcan\u00e7a as margens do referido Rio.</p>\r\n<p style=\"text-align: justify; \">\u00a0\u00a0\u00a0\u00a0\u00a0\u00a0\u00a0\u00a0\u00a0\u00a0\u00a0 Inicialmente o Coronel Vanique, cuidou em procurar local adequado para construir a pista de pouso necess\u00e1ria para os avi\u00f5es que garantiriam o suprimento, inclusive viveres aliment\u00edcios. Ao mesmo tempo, outros homens tratavam de montar, nas proximidades uma olaria para produzir tijolos necess\u00e1rios \u00e1 constru\u00e7\u00e3o das casas que formariam um Posto o qual funcionaria como Base, para a Expedi\u00e7\u00e3o prosseguir ate a Conflu\u00eancia dos Rios: Culuene e Xingu.</p>\r\n<p style=\"text-align: justify; \">\u00a0\u00a0\u00a0\u00a0\u00a0\u00a0\u00a0\u00a0\u00a0\u00a0\u00a0 Durante 44 dias esteve a Expedi\u00e7\u00e3o preparando a pista e a \u00e1rea destinada as casas do Posto. No dia 14 de abril de 1944, o Coronel Vanique lan\u00e7ou a Pedra Fundamental do Posto-Base, onde se dizia \u201cSeria futuramente a cidade de Xavantina.\u201d</p>\r\n<p style=\"text-align: justify; \">\u00a0\u00a0\u00a0\u00a0\u00a0\u00a0\u00a0\u00a0\u00a0\u00a0\u00a0 No dia 06 de junho de1944, aExpedi\u00e7\u00e3o Roncador Xingu, prossegue a caminhada. Deixaram no Posto-Base, instalado o corpo principal de comando, que se tornariam os primeiros habitantes da cidade h\u00e1 pouco fundada.</p>\r\n<p style=\"text-align: justify; \">\u00a0\u00a0\u00a0\u00a0\u00a0\u00a0\u00a0\u00a0\u00a0\u00a0\u00a0 Mais tarde, em 14 de dezembro de 1963, o Posto foi eleva a categoria Distrito do Munic\u00edpio de Barra do Gar\u00e7as. Atrav\u00e9s da Lei n\u00ba. 2.059, com o nome de Ministro Jo\u00e3o Alberto.</p>\r\n<p style=\"text-align: justify; \">\u00a0\u00a0\u00a0\u00a0\u00a0\u00a0\u00a0\u00a0\u00a0\u00a0\u00a0 Por muito tempo a cidade se limitou as \u201cCasas da Sudeco\u201d.</p>\r\n<p style=\"text-align: justify; \">\u00a0\u00a0\u00a0\u00a0\u00a0\u00a0\u00a0\u00a0\u00a0\u00a0\u00a0 Mais tarde come\u00e7ou a se formar na margem do Rio das Mortes, um novo n\u00facleo habitacional, o qual posteriormente, em 29 de junho de 1976, atrav\u00e9s da Lei n\u00ba. 3.759, recebe os Foros de Distrito, com o nome de Nova Bras\u00edlia.</p>\r\n<p style=\"text-align: justify; \">\u00a0\u00a0\u00a0\u00a0\u00a0\u00a0\u00a0\u00a0\u00a0\u00a0\u00a0 A partir de 1975, por iniciativa do Governo Federal, com o objetivo de povoar efetivamente a regi\u00e3o e ampliar as fronteiras agr\u00edcolas do Pa\u00eds, ocorre um novo surto de progresso. Muitas facilidades foram arcadas para implanta\u00e7\u00e3o de projetos de coloniza\u00e7\u00e3o, o que atraiu maiores contingentes, populacionais.</p>\r\n<p style=\"text-align: justify; \">\u00a0\u00a0\u00a0\u00a0\u00a0\u00a0\u00a0\u00a0\u00a0\u00a0\u00a0 Essas pessoas vieram principalmente do Sul, sempre em busca de terras melhores e novas perspectivas de vida.</p>\r\n<p style=\"text-align: justify; \">\u00a0\u00a0\u00a0\u00a0\u00a0\u00a0\u00a0\u00a0\u00a0\u00a0\u00a0 Por ultimo, a Lei n\u00ba. 4.176 de 03 de mar\u00e7o de 1980, eleva a categoria de Munic\u00edpio, a localidade de Nova Xavantina, ficando absorvido aos Distritos de Ministro Jo\u00e3o Alberto e Nova Bras\u00edlia, desmembrados de Barra do Gar\u00e7as, indo compor as terras do Novo Munic\u00edpio.</p>\r\n<p style=\"text-align: justify; \">\u00a0\u00a0\u00a0\u00a0\u00a0\u00a0\u00a0\u00a0\u00a0\u00a0\u00a0 Seu crescimento 1980/84 foi 8% (oito por cento) anual.</p>\r\n<p style=\"text-align: justify; \">\u00a0\u00a0\u00a0\u00a0\u00a0\u00a0\u00a0\u00a0\u00a0\u00a0\u00a0 Na diversifica\u00e7\u00e3o da produ\u00e7\u00e3o agr\u00edcola, verificam-se a viabilidade do Solo para o cultivo de milho, arroz e soja.</p>\r\n<p style=\"text-align: justify; \">\u00a0\u00a0\u00a0\u00a0\u00a0\u00a0\u00a0\u00a0\u00a0\u00a0\u00a0 A pecu\u00e1ria segunda atividade na escala de gera\u00e7\u00e3o de recursos.\u00a0 Encontra-se em fraco desenvolvimento com o predom\u00ednio de cria\u00e7\u00e3o extensiva de gado bovino e de corte.</p>\r\n<p style=\"text-align: justify; \">\u00a0\u00a0\u00a0\u00a0\u00a0\u00a0\u00a0\u00a0\u00a0\u00a0\u00a0 Extens\u00e3o do Munic\u00edpio\u00a0 \u00e9 de 5.527 km2..</p>\r\n<p style=\"text-align: justify; \">\u00a0\u00a0\u00a0\u00a0\u00a0\u00a0\u00a0\u00a0\u00a0\u00a0\u00a0 Popula\u00e7\u00e3o: 18.670 mil habitantes de acordo com o IBGE de 2007.</p>\r\n<p style=\"text-align: justify; \">\u00a0\u00a0\u00a0\u00a0\u00a0\u00a0\u00a0\u00a0\u00a0\u00a0\u00a0 Gent\u00edlico: Novaxavantinense</p>\r\n<p style=\"text-align: justify; \">\u00a0\u00a0\u00a0\u00a0\u00a0\u00a0\u00a0\u00a0\u00a0\u00a0\u00a0 C\u00f3digo do Munic\u00edpio: 510625</p>\r\n<p style=\"text-align: justify; \"><span>\u00a0 \u00a0 \u00a0 \u00a0 \u00a0 \u00a0 \u00a0Popula\u00e7\u00e3o 2010:\u00a0 19.475 mil habitantes. \u00a0 \u00a0 \u00a0</span></p>\r\n<p style=\"text-align: justify; \">\u00a0<b>ASPECTOS GEOGR\u00c1FICOS</b><span>.</span></p>\r\n<p style=\"text-align: justify; \">\u00a0\u00a0\u00a0\u00a0\u00a0\u00a0\u00a0\u00a0\u00a0\u00a0\u00a0 <b>GEOGRAFIA</b> -\u00a0 Estado da Federa\u00e7\u00e3o que se localiza na Regi\u00e3o Centro \u2013 Oeste do Pa\u00eds, limita-se com os Estados do Amazonas, Par\u00e1, Rond\u00f4nia, Goi\u00e1s, Mato Grosso do Sul e Bol\u00edvia. Sua Capital \u00e9 Cuiab\u00e1.</p>\r\n<p style=\"text-align: justify; \">\u00a0\u00a0\u00a0\u00a0\u00a0\u00a0\u00a0\u00a0\u00a0\u00a0\u00a0 <b>ASPECTO FISICO</b> \u2013 predomina a topografia regular em sua maior propor\u00e7\u00e3o. Os planaltos s\u00e3o semelhantes ao feitio de cuesta. De forma\u00e7\u00e3o mesoz\u00f3ica \u00e9 constitu\u00edda a Chapada dos Parecis. Os arenitos elet\u00e1ceos d\u00e3o origem a diversas escarpas. A serie de atua\u00e7\u00e3o tabulares atinge a altitude de400 a700 m. Na depress\u00e3o do alto Xingu e na depress\u00e3o do M\u00e9dio Araguaia, as altitudes s\u00e3o de200 a300 m.</p>\r\n<p style=\"text-align: justify; \">\u00a0\u00a0\u00a0\u00a0\u00a0\u00a0\u00a0\u00a0\u00a0\u00a0\u00a0 As duas em conjunto recebem o nome de Depress\u00e3o Central. O grande conjunto Pr\u00e9-cambriano inclina-se em dire\u00e7\u00e3o a Bacia \u2013 Amaz\u00f4nica. Sua altitude media s\u00e3o de200 a500 metros. A partir da mais alta do Pantanal Mato-grossense, que \u00e9 constitu\u00eddo por uma unidade fisiogr\u00e1fica morfo-estrutural \u00fanico, nele se destaca.</p>\r\n<p style=\"text-align: justify; \">\u00a0\u00a0\u00a0\u00a0\u00a0\u00a0\u00a0\u00a0\u00a0\u00a0\u00a0 <b>ORTOGRAFIA</b> - s\u00e3o varias as serras que o apresentam no Estado como a Serra do Roncador, Apiac\u00e1s, Formosa, Tombador, Chapada dos Parecis, com1080 metros de altitude.</p>\r\n<p style=\"text-align: justify; \">\u00a0\u00a0\u00a0\u00a0\u00a0\u00a0\u00a0\u00a0\u00a0\u00a0\u00a0 <b>HIDROGRAFIA</b> \u2013 os principais rios do Munic\u00edpio s\u00e3o: Rio das Mortes, Rio Pinda\u00edba, Rio Ara\u00e9s e Couto Magalh\u00e3es.</p>\r\n<p style=\"text-align: justify; \">\u00a0\u00a0\u00a0\u00a0\u00a0\u00a0\u00a0\u00a0\u00a0\u00a0\u00a0 <b>CLIMA</b> \u2013 o clima \u00e9 tropical com temperatura media por volta de 2.100. Os altos \u00edndices atingem 24\u00baC. \u00c9 um clima saud\u00e1vel na regi\u00e3o mais alta e insalubre nas baixadas.</p>\r\n<p style=\"text-align: justify; \">\u00a0\u00a0\u00a0\u00a0\u00a0\u00a0\u00a0\u00a0\u00a0\u00a0\u00a0 <b>VEGETA\u00c7\u00c3O</b> \u2013 a vegeta\u00e7\u00e3o\u00a0 predominante \u00e9 o <b>Cerrado</b>.</p>\r\n<p style=\"text-align: justify; \">\u00a0\u00a0\u00a0\u00a0\u00a0\u00a0\u00a0\u00a0\u00a0\u00a0\u00a0 <b>RELEVO</b> \u2013 a caracter\u00edstica dominante do relevo \u00e9 a exist\u00eancia de chapad\u00f5es. Chapad\u00f5es s\u00e3o varias extens\u00f5es planas onde surgem eleva\u00e7\u00f5es denominadas localmente de \u201cSerras\u201d altitude media \u00e9 de 200 a 400 metros.</p>\r\n<p style=\"text-align: justify; \">\u00a0</p>\r\n<p style=\"text-align: justify; \">Dados da Ponte sobre o Rio das Mortes em Nova Xavantina</p>\r\n<p style=\"text-align: justify; \">\u00a0Foi feita pelo arquiteto e engenheiro Archimedes Pereira Lima</p>\r\n<p style=\"text-align: justify; \">Inaugurada em 1971</p>\r\n<p style=\"text-align: justify; \">Medindo 250 metros.</p>\r\n<p style=\"text-align: justify; \">\u00a0</p>", "author_name": "nox", "version": "1.0", "author_url": "https://www.novaxavantina.mt.leg.br/author/nox", "provider_name": "C\u00e2mara Municipal de Nova Xavantina", "type": "rich"}