{"provider_url": "https://www.novaxavantina.mt.leg.br", "title": "Comunicado \ud83d\udce2", "html": "<p style=\"text-align: justify; \" data-start=\"24\" data-end=\"268\">A C\u00e2mara Municipal de Nova Xavantina informa que, em raz\u00e3o do <strong><a title=\"\" href=\"https://www.novaxavantina.mt.leg.br/processo-legislativo/decretos/2025/decreto-no-149-de-06-de-janeiro-de-2024\" class=\"internal-link\" target=\"_self\">Decreto n\u00ba 149 de 11 de mar\u00e7o de 2025</a></strong>, que <strong>declara luto oficial de tr\u00eas dias</strong> pelo falecimento do vice-prefeito Frankilin Martins de Oliveira, <strong data-start=\"210\" data-end=\"265\">a Sess\u00e3o Ordin\u00e1ria prevista para acontecer hoje (13/03/2025) est\u00e1 suspensa</strong>.</p>\r\n<p style=\"text-align: justify; \" data-start=\"270\" data-end=\"372\" data-is-last-node=\"\" data-is-only-node=\"\">Agradecemos a compreens\u00e3o de todos e nos solidarizamos com a fam\u00edlia e amigos neste momento de luto.</p>", "author_name": "", "version": "1.0", "author_url": "https://www.novaxavantina.mt.leg.br/author/Luis", "provider_name": "C\u00e2mara Municipal de Nova Xavantina", "type": "rich"}